{"id":668,"date":"2022-08-22T16:13:15","date_gmt":"2022-08-22T16:13:15","guid":{"rendered":"https:\/\/slovencina.org\/?p=668"},"modified":"2022-08-31T18:11:30","modified_gmt":"2022-08-31T18:11:30","slug":"zdovolenim-vystupujem","status":"publish","type":"post","link":"https:\/\/slovencina.org\/ru\/zdovolenim-vystupujem\/","title":{"rendered":"S dovolen\u00edm, vystupujem!"},"content":{"rendered":"<div data-elementor-type=\"wp-post\" data-elementor-id=\"668\" class=\"elementor elementor-668\">\n\t\t\t\t\t\t<section class=\"elementor-section elementor-top-section elementor-element elementor-element-0d61b44 elementor-section-boxed elementor-section-height-default elementor-section-height-default\" data-id=\"0d61b44\" data-element_type=\"section\" data-e-type=\"section\">\n\t\t\t\t\t\t<div class=\"elementor-container elementor-column-gap-default\">\n\t\t\t\t\t<div class=\"elementor-column elementor-col-50 elementor-top-column elementor-element elementor-element-7630dc7\" data-id=\"7630dc7\" data-element_type=\"column\" data-e-type=\"column\">\n\t\t\t<div class=\"elementor-widget-wrap elementor-element-populated\">\n\t\t\t\t\t\t<div class=\"elementor-element elementor-element-ab43ebd elementor-widget elementor-widget-spacer\" data-id=\"ab43ebd\" data-element_type=\"widget\" data-e-type=\"widget\" data-widget_type=\"spacer.default\">\n\t\t\t\t<div class=\"elementor-widget-container\">\n\t\t\t\t\t\t\t<div class=\"elementor-spacer\">\n\t\t\t<div class=\"elementor-spacer-inner\"><\/div>\n\t\t<\/div>\n\t\t\t\t\t\t<\/div>\n\t\t\t\t<\/div>\n\t\t\t\t<div class=\"elementor-element elementor-element-bc5ce61 elementor-widget elementor-widget-text-editor\" data-id=\"bc5ce61\" data-element_type=\"widget\" data-e-type=\"widget\" data-widget_type=\"text-editor.default\">\n\t\t\t\t<div class=\"elementor-widget-container\">\n\t\t\t\t\t\t\t\t\t<p style=\"text-align: center;\">Ako spr\u00e1vne poveda\u0165, \u017ee vystupujete\u2026<\/p>\t\t\t\t\t\t\t\t<\/div>\n\t\t\t\t<\/div>\n\t\t\t\t\t<\/div>\n\t\t<\/div>\n\t\t\t\t<div class=\"elementor-column elementor-col-50 elementor-top-column elementor-element elementor-element-e4f32b3\" data-id=\"e4f32b3\" data-element_type=\"column\" data-e-type=\"column\">\n\t\t\t<div class=\"elementor-widget-wrap elementor-element-populated\">\n\t\t\t\t\t\t<div class=\"elementor-element elementor-element-09b74c6 elementor-widget elementor-widget-text-editor\" data-id=\"09b74c6\" data-element_type=\"widget\" data-e-type=\"widget\" data-widget_type=\"text-editor.default\">\n\t\t\t\t<div class=\"elementor-widget-container\">\n\t\t\t\t\t\t\t\t\t<p><blockquote class=\"tiktok-embed\" cite=\"https:\/\/www.tiktok.com\/@slovencinasani\/video\/7131342789580819718\" data-video-id=\"7131342789580819718\" data-embed-from=\"oembed\" style=\"max-width: 605px;min-width: 325px;\" > <section> <a target=\"_blank\" title=\"@slovencinasani\" href=\"https:\/\/www.tiktok.com\/@slovencinasani?refer=embed\">@slovencinasani<\/a> <p><a title=\"slovencina\" target=\"_blank\" href=\"https:\/\/www.tiktok.com\/tag\/slovencina?refer=embed\">#slovencina<\/a> <a title=\"slovencinasani\" target=\"_blank\" href=\"https:\/\/www.tiktok.com\/tag\/slovencinasani?refer=embed\">#slovencinasani<\/a> <a title=\"slovensko\" target=\"_blank\" href=\"https:\/\/www.tiktok.com\/tag\/slovensko?refer=embed\">#slovensko<\/a> <a title=\"\u0441\u043b\u043e\u0432\u0430\u043a\u0438\u044f\" target=\"_blank\" href=\"https:\/\/www.tiktok.com\/tag\/%D1%81%D0%BB%D0%BE%D0%B2%D0%B0%D0%BA%D0%B8%D1%8F?refer=embed\">#\u0441\u043b\u043e\u0432\u0430\u043a\u0438\u044f<\/a> <a title=\"\u0441\u043b\u043e\u0432\u0430\u0447\u0447\u0438\u043d\u0430\ud83c\uddf8\ud83c\uddf0\ud83c\uddfa\ud83c\udde6\" target=\"_blank\" href=\"https:\/\/www.tiktok.com\/tag\/%D1%81%D0%BB%D0%BE%D0%B2%D0%B0%D1%87%D1%87%D0%B8%D0%BD%D0%B0%F0%9F%87%B8%F0%9F%87%B0%F0%9F%87%BA%F0%9F%87%A6?refer=embed\">#\u0441\u043b\u043e\u0432\u0430\u0447\u0447\u0438\u043d\u0430\ud83c\uddf8\ud83c\uddf0\ud83c\uddfa\ud83c\udde6<\/a> <a title=\"\u0441\u043b\u043e\u0432\u0430\u0446\u043a\u0438\u0439\u044f\u0437\u044b\u043a\" target=\"_blank\" href=\"https:\/\/www.tiktok.com\/tag\/%D1%81%D0%BB%D0%BE%D0%B2%D0%B0%D1%86%D0%BA%D0%B8%D0%B9%D1%8F%D0%B7%D1%8B%D0%BA?refer=embed\">#\u0441\u043b\u043e\u0432\u0430\u0446\u043a\u0438\u0439\u044f\u0437\u044b\u043a<\/a><\/p> <a target=\"_blank\" title=\"\u266c Dj Tiktok Terbaru 2022 - Yandi Biansyah\" href=\"https:\/\/www.tiktok.com\/music\/Dj-Tiktok-Terbaru-2022-7078729313318602754?refer=embed\">\u266c Dj Tiktok Terbaru 2022 - Yandi Biansyah<\/a> <\/section> <\/blockquote> <script async src=\"https:\/\/www.tiktok.com\/embed.js\"><\/script><\/p>\t\t\t\t\t\t\t\t<\/div>\n\t\t\t\t<\/div>\n\t\t\t\t\t<\/div>\n\t\t<\/div>\n\t\t\t\t\t<\/div>\n\t\t<\/section>\n\t\t\t\t<\/div>","protected":false},"excerpt":{"rendered":"<p>Ako spr\u00e1vne poveda\u0165, \u017ee vystupujete\u2026 @slovencinasani #slovencina #slovencinasani #slovensko #\u0441\u043b\u043e\u0432\u0430\u043a\u0438\u044f #\u0441\u043b\u043e\u0432\u0430\u0447\u0447\u0438\u043d\u0430\ud83c\uddf8\ud83c\uddf0\ud83c\uddfa\ud83c\udde6 #\u0441\u043b\u043e\u0432\u0430\u0446\u043a\u0438\u0439\u044f\u0437\u044b\u043a \u266c Dj Tiktok Terbaru 2022 &#8211; Yandi Biansyah<\/p>","protected":false},"author":1,"featured_media":669,"comment_status":"closed","ping_status":"closed","sticky":false,"template":"","format":"standard","meta":{"_eb_attr":"","footnotes":""},"categories":[5],"tags":[],"class_list":["post-668","post","type-post","status-publish","format-standard","has-post-thumbnail","hentry","category-blog"],"yoast_head":"<!-- This site is optimized with the Yoast SEO plugin v27.5 - https:\/\/yoast.com\/product\/yoast-seo-wordpress\/ -->\n<title>S dovolen\u00edm, vystupujem! - Slovencina.org<\/title>\n<meta name=\"description\" content=\"\u041a\u0443\u0440\u0441\u044b \u0441\u043b\u043e\u0432\u0430\u0446\u043a\u043e\u0433\u043e \u044f\u0437\u044b\u043a\u0430 \u0432\u0441\u0435\u0445 \u0443\u0440\u043e\u0432\u043d\u0435\u0439 \u0434\u043b\u044f \u0440\u0443\u0441\u0441\u043a\u043e\u0433\u043e\u0432\u043e\u0440\u044f\u0449\u0438\u0445 \u0432 slovencina.org | Kurzy sloven\u010diny (v\u0161etky \u00farovne) pre rusky hovoriacich\" \/>\n<meta name=\"robots\" content=\"index, follow, max-snippet:-1, max-image-preview:large, max-video-preview:-1\" \/>\n<link rel=\"canonical\" href=\"https:\/\/slovencina.org\/ru\/zdovolenim-vystupujem\/\" \/>\n<meta property=\"og:locale\" content=\"ru_RU\" \/>\n<meta property=\"og:type\" content=\"article\" \/>\n<meta property=\"og:title\" content=\"S dovolen\u00edm, vystupujem! - Slovencina.org\" \/>\n<meta property=\"og:description\" content=\"\u041a\u0443\u0440\u0441\u044b \u0441\u043b\u043e\u0432\u0430\u0446\u043a\u043e\u0433\u043e \u044f\u0437\u044b\u043a\u0430 \u0432\u0441\u0435\u0445 \u0443\u0440\u043e\u0432\u043d\u0435\u0439 \u0434\u043b\u044f \u0440\u0443\u0441\u0441\u043a\u043e\u0433\u043e\u0432\u043e\u0440\u044f\u0449\u0438\u0445 \u0432 slovencina.org | Kurzy sloven\u010diny (v\u0161etky \u00farovne) pre rusky hovoriacich\" \/>\n<meta property=\"og:url\" content=\"https:\/\/slovencina.org\/ru\/zdovolenim-vystupujem\/\" \/>\n<meta property=\"og:site_name\" content=\"Slovencina.org\" \/>\n<meta property=\"article:publisher\" content=\"https:\/\/www.facebook.com\/slovencinasani\" \/>\n<meta property=\"article:published_time\" content=\"2022-08-22T16:13:15+00:00\" \/>\n<meta property=\"article:modified_time\" content=\"2022-08-31T18:11:30+00:00\" \/>\n<meta property=\"og:image\" content=\"https:\/\/slovencina.org\/wp-content\/uploads\/2022\/08\/Sni\u0301mka-obrazovky-2022-08-22-o-18.12.42.png\" \/>\n\t<meta property=\"og:image:width\" content=\"402\" \/>\n\t<meta property=\"og:image:height\" content=\"394\" \/>\n\t<meta property=\"og:image:type\" content=\"image\/png\" \/>\n<meta name=\"author\" content=\"admin\" \/>\n<meta name=\"twitter:card\" content=\"summary_large_image\" \/>\n<meta name=\"twitter:creator\" content=\"@slovencinasani\" \/>\n<meta name=\"twitter:site\" content=\"@slovencinasani\" \/>\n<meta name=\"twitter:label1\" content=\"\u041d\u0430\u043f\u0438\u0441\u0430\u043d\u043e \u0430\u0432\u0442\u043e\u0440\u043e\u043c\" \/>\n\t<meta name=\"twitter:data1\" content=\"admin\" \/>\n<script type=\"application\/ld+json\" class=\"yoast-schema-graph\">{\"@context\":\"https:\\\/\\\/schema.org\",\"@graph\":[{\"@type\":\"Article\",\"@id\":\"https:\\\/\\\/slovencina.org\\\/zdovolenim-vystupujem\\\/#article\",\"isPartOf\":{\"@id\":\"https:\\\/\\\/slovencina.org\\\/zdovolenim-vystupujem\\\/\"},\"author\":{\"name\":\"admin\",\"@id\":\"https:\\\/\\\/slovencina.org\\\/#\\\/schema\\\/person\\\/d0d0e64f661853a4be4c180b2b54e3b6\"},\"headline\":\"S dovolen\u00edm, vystupujem!\",\"datePublished\":\"2022-08-22T16:13:15+00:00\",\"dateModified\":\"2022-08-31T18:11:30+00:00\",\"mainEntityOfPage\":{\"@id\":\"https:\\\/\\\/slovencina.org\\\/zdovolenim-vystupujem\\\/\"},\"wordCount\":24,\"publisher\":{\"@id\":\"https:\\\/\\\/slovencina.org\\\/#organization\"},\"image\":{\"@id\":\"https:\\\/\\\/slovencina.org\\\/zdovolenim-vystupujem\\\/#primaryimage\"},\"thumbnailUrl\":\"https:\\\/\\\/slovencina.org\\\/wp-content\\\/uploads\\\/2022\\\/08\\\/Sni\u0301mka-obrazovky-2022-08-22-o-18.12.42.png\",\"articleSection\":[\"blog\"],\"inLanguage\":\"ru-RU\"},{\"@type\":\"WebPage\",\"@id\":\"https:\\\/\\\/slovencina.org\\\/zdovolenim-vystupujem\\\/\",\"url\":\"https:\\\/\\\/slovencina.org\\\/zdovolenim-vystupujem\\\/\",\"name\":\"S dovolen\u00edm, vystupujem! - Slovencina.org\",\"isPartOf\":{\"@id\":\"https:\\\/\\\/slovencina.org\\\/#website\"},\"primaryImageOfPage\":{\"@id\":\"https:\\\/\\\/slovencina.org\\\/zdovolenim-vystupujem\\\/#primaryimage\"},\"image\":{\"@id\":\"https:\\\/\\\/slovencina.org\\\/zdovolenim-vystupujem\\\/#primaryimage\"},\"thumbnailUrl\":\"https:\\\/\\\/slovencina.org\\\/wp-content\\\/uploads\\\/2022\\\/08\\\/Sni\u0301mka-obrazovky-2022-08-22-o-18.12.42.png\",\"datePublished\":\"2022-08-22T16:13:15+00:00\",\"dateModified\":\"2022-08-31T18:11:30+00:00\",\"description\":\"\u041a\u0443\u0440\u0441\u044b \u0441\u043b\u043e\u0432\u0430\u0446\u043a\u043e\u0433\u043e \u044f\u0437\u044b\u043a\u0430 \u0432\u0441\u0435\u0445 \u0443\u0440\u043e\u0432\u043d\u0435\u0439 \u0434\u043b\u044f \u0440\u0443\u0441\u0441\u043a\u043e\u0433\u043e\u0432\u043e\u0440\u044f\u0449\u0438\u0445 \u0432 slovencina.org | Kurzy sloven\u010diny (v\u0161etky \u00farovne) pre rusky hovoriacich\",\"inLanguage\":\"ru-RU\",\"potentialAction\":[{\"@type\":\"ReadAction\",\"target\":[\"https:\\\/\\\/slovencina.org\\\/zdovolenim-vystupujem\\\/\"]}]},{\"@type\":\"ImageObject\",\"inLanguage\":\"ru-RU\",\"@id\":\"https:\\\/\\\/slovencina.org\\\/zdovolenim-vystupujem\\\/#primaryimage\",\"url\":\"https:\\\/\\\/slovencina.org\\\/wp-content\\\/uploads\\\/2022\\\/08\\\/Sni\u0301mka-obrazovky-2022-08-22-o-18.12.42.png\",\"contentUrl\":\"https:\\\/\\\/slovencina.org\\\/wp-content\\\/uploads\\\/2022\\\/08\\\/Sni\u0301mka-obrazovky-2022-08-22-o-18.12.42.png\",\"width\":402,\"height\":394},{\"@type\":\"WebSite\",\"@id\":\"https:\\\/\\\/slovencina.org\\\/#website\",\"url\":\"https:\\\/\\\/slovencina.org\\\/\",\"name\":\"Slovencina.org\",\"description\":\"Slovencina s Ani\",\"publisher\":{\"@id\":\"https:\\\/\\\/slovencina.org\\\/#organization\"},\"alternateName\":\"Lektor, ktor\u00fd v\u00e1m rozumie\",\"potentialAction\":[{\"@type\":\"SearchAction\",\"target\":{\"@type\":\"EntryPoint\",\"urlTemplate\":\"https:\\\/\\\/slovencina.org\\\/?s={search_term_string}\"},\"query-input\":{\"@type\":\"PropertyValueSpecification\",\"valueRequired\":true,\"valueName\":\"search_term_string\"}}],\"inLanguage\":\"ru-RU\"},{\"@type\":\"Organization\",\"@id\":\"https:\\\/\\\/slovencina.org\\\/#organization\",\"name\":\"Slovencina.org\",\"alternateName\":\"Lektor, ktor\u00fd v\u00e1m rozumie\",\"url\":\"https:\\\/\\\/slovencina.org\\\/\",\"logo\":{\"@type\":\"ImageObject\",\"inLanguage\":\"ru-RU\",\"@id\":\"https:\\\/\\\/slovencina.org\\\/#\\\/schema\\\/logo\\\/image\\\/\",\"url\":\"https:\\\/\\\/slovencina.org\\\/wp-content\\\/uploads\\\/2022\\\/08\\\/logo1000.png\",\"contentUrl\":\"https:\\\/\\\/slovencina.org\\\/wp-content\\\/uploads\\\/2022\\\/08\\\/logo1000.png\",\"width\":1000,\"height\":183,\"caption\":\"Slovencina.org\"},\"image\":{\"@id\":\"https:\\\/\\\/slovencina.org\\\/#\\\/schema\\\/logo\\\/image\\\/\"},\"sameAs\":[\"https:\\\/\\\/www.facebook.com\\\/slovencinasani\",\"https:\\\/\\\/x.com\\\/slovencinasani\",\"https:\\\/\\\/www.tiktok.com\\\/slovencinasani\",\"https:\\\/\\\/www.instagram.com\\\/slovencinasani\"]},{\"@type\":\"Person\",\"@id\":\"https:\\\/\\\/slovencina.org\\\/#\\\/schema\\\/person\\\/d0d0e64f661853a4be4c180b2b54e3b6\",\"name\":\"admin\",\"image\":{\"@type\":\"ImageObject\",\"inLanguage\":\"ru-RU\",\"@id\":\"https:\\\/\\\/secure.gravatar.com\\\/avatar\\\/f113b9116a149cbc32eb73cd00397194222ae31f71d6b331327c11d5e76365bb?s=96&d=mm&r=g\",\"url\":\"https:\\\/\\\/secure.gravatar.com\\\/avatar\\\/f113b9116a149cbc32eb73cd00397194222ae31f71d6b331327c11d5e76365bb?s=96&d=mm&r=g\",\"contentUrl\":\"https:\\\/\\\/secure.gravatar.com\\\/avatar\\\/f113b9116a149cbc32eb73cd00397194222ae31f71d6b331327c11d5e76365bb?s=96&d=mm&r=g\",\"caption\":\"admin\"},\"sameAs\":[\"http:\\\/\\\/slovencina.org\"],\"url\":\"https:\\\/\\\/slovencina.org\\\/ru\\\/author\\\/admin\\\/\"}]}<\/script>\n<!-- \/ Yoast SEO plugin. -->","yoast_head_json":{"title":"S dovolen\u00edm, vystupujem! - Slovencina.org","description":"\u041a\u0443\u0440\u0441\u044b \u0441\u043b\u043e\u0432\u0430\u0446\u043a\u043e\u0433\u043e \u044f\u0437\u044b\u043a\u0430 \u0432\u0441\u0435\u0445 \u0443\u0440\u043e\u0432\u043d\u0435\u0439 \u0434\u043b\u044f \u0440\u0443\u0441\u0441\u043a\u043e\u0433\u043e\u0432\u043e\u0440\u044f\u0449\u0438\u0445 \u0432 slovencina.org | Kurzy sloven\u010diny (v\u0161etky \u00farovne) pre rusky hovoriacich","robots":{"index":"index","follow":"follow","max-snippet":"max-snippet:-1","max-image-preview":"max-image-preview:large","max-video-preview":"max-video-preview:-1"},"canonical":"https:\/\/slovencina.org\/ru\/zdovolenim-vystupujem\/","og_locale":"ru_RU","og_type":"article","og_title":"S dovolen\u00edm, vystupujem! - Slovencina.org","og_description":"\u041a\u0443\u0440\u0441\u044b \u0441\u043b\u043e\u0432\u0430\u0446\u043a\u043e\u0433\u043e \u044f\u0437\u044b\u043a\u0430 \u0432\u0441\u0435\u0445 \u0443\u0440\u043e\u0432\u043d\u0435\u0439 \u0434\u043b\u044f \u0440\u0443\u0441\u0441\u043a\u043e\u0433\u043e\u0432\u043e\u0440\u044f\u0449\u0438\u0445 \u0432 slovencina.org | Kurzy sloven\u010diny (v\u0161etky \u00farovne) pre rusky hovoriacich","og_url":"https:\/\/slovencina.org\/ru\/zdovolenim-vystupujem\/","og_site_name":"Slovencina.org","article_publisher":"https:\/\/www.facebook.com\/slovencinasani","article_published_time":"2022-08-22T16:13:15+00:00","article_modified_time":"2022-08-31T18:11:30+00:00","og_image":[{"width":402,"height":394,"url":"https:\/\/slovencina.org\/wp-content\/uploads\/2022\/08\/Sni\u0301mka-obrazovky-2022-08-22-o-18.12.42.png","type":"image\/png"}],"author":"admin","twitter_card":"summary_large_image","twitter_creator":"@slovencinasani","twitter_site":"@slovencinasani","twitter_misc":{"\u041d\u0430\u043f\u0438\u0441\u0430\u043d\u043e \u0430\u0432\u0442\u043e\u0440\u043e\u043c":"admin"},"schema":{"@context":"https:\/\/schema.org","@graph":[{"@type":"Article","@id":"https:\/\/slovencina.org\/zdovolenim-vystupujem\/#article","isPartOf":{"@id":"https:\/\/slovencina.org\/zdovolenim-vystupujem\/"},"author":{"name":"admin","@id":"https:\/\/slovencina.org\/#\/schema\/person\/d0d0e64f661853a4be4c180b2b54e3b6"},"headline":"S dovolen\u00edm, vystupujem!","datePublished":"2022-08-22T16:13:15+00:00","dateModified":"2022-08-31T18:11:30+00:00","mainEntityOfPage":{"@id":"https:\/\/slovencina.org\/zdovolenim-vystupujem\/"},"wordCount":24,"publisher":{"@id":"https:\/\/slovencina.org\/#organization"},"image":{"@id":"https:\/\/slovencina.org\/zdovolenim-vystupujem\/#primaryimage"},"thumbnailUrl":"https:\/\/slovencina.org\/wp-content\/uploads\/2022\/08\/Sni\u0301mka-obrazovky-2022-08-22-o-18.12.42.png","articleSection":["blog"],"inLanguage":"ru-RU"},{"@type":"WebPage","@id":"https:\/\/slovencina.org\/zdovolenim-vystupujem\/","url":"https:\/\/slovencina.org\/zdovolenim-vystupujem\/","name":"S dovolen\u00edm, vystupujem! - Slovencina.org","isPartOf":{"@id":"https:\/\/slovencina.org\/#website"},"primaryImageOfPage":{"@id":"https:\/\/slovencina.org\/zdovolenim-vystupujem\/#primaryimage"},"image":{"@id":"https:\/\/slovencina.org\/zdovolenim-vystupujem\/#primaryimage"},"thumbnailUrl":"https:\/\/slovencina.org\/wp-content\/uploads\/2022\/08\/Sni\u0301mka-obrazovky-2022-08-22-o-18.12.42.png","datePublished":"2022-08-22T16:13:15+00:00","dateModified":"2022-08-31T18:11:30+00:00","description":"\u041a\u0443\u0440\u0441\u044b \u0441\u043b\u043e\u0432\u0430\u0446\u043a\u043e\u0433\u043e \u044f\u0437\u044b\u043a\u0430 \u0432\u0441\u0435\u0445 \u0443\u0440\u043e\u0432\u043d\u0435\u0439 \u0434\u043b\u044f \u0440\u0443\u0441\u0441\u043a\u043e\u0433\u043e\u0432\u043e\u0440\u044f\u0449\u0438\u0445 \u0432 slovencina.org | Kurzy sloven\u010diny (v\u0161etky \u00farovne) pre rusky hovoriacich","inLanguage":"ru-RU","potentialAction":[{"@type":"ReadAction","target":["https:\/\/slovencina.org\/zdovolenim-vystupujem\/"]}]},{"@type":"ImageObject","inLanguage":"ru-RU","@id":"https:\/\/slovencina.org\/zdovolenim-vystupujem\/#primaryimage","url":"https:\/\/slovencina.org\/wp-content\/uploads\/2022\/08\/Sni\u0301mka-obrazovky-2022-08-22-o-18.12.42.png","contentUrl":"https:\/\/slovencina.org\/wp-content\/uploads\/2022\/08\/Sni\u0301mka-obrazovky-2022-08-22-o-18.12.42.png","width":402,"height":394},{"@type":"WebSite","@id":"https:\/\/slovencina.org\/#website","url":"https:\/\/slovencina.org\/","name":"Slovencina.org","description":"\u0421\u043b\u043e\u0432\u0430\u0446\u043a\u0438\u0439 \u0441 \u0410\u043d\u0438","publisher":{"@id":"https:\/\/slovencina.org\/#organization"},"alternateName":"Lektor, ktor\u00fd v\u00e1m rozumie","potentialAction":[{"@type":"SearchAction","target":{"@type":"EntryPoint","urlTemplate":"https:\/\/slovencina.org\/?s={search_term_string}"},"query-input":{"@type":"PropertyValueSpecification","valueRequired":true,"valueName":"search_term_string"}}],"inLanguage":"ru-RU"},{"@type":"Organization","@id":"https:\/\/slovencina.org\/#organization","name":"Slovencina.org","alternateName":"Lektor, ktor\u00fd v\u00e1m rozumie","url":"https:\/\/slovencina.org\/","logo":{"@type":"ImageObject","inLanguage":"ru-RU","@id":"https:\/\/slovencina.org\/#\/schema\/logo\/image\/","url":"https:\/\/slovencina.org\/wp-content\/uploads\/2022\/08\/logo1000.png","contentUrl":"https:\/\/slovencina.org\/wp-content\/uploads\/2022\/08\/logo1000.png","width":1000,"height":183,"caption":"Slovencina.org"},"image":{"@id":"https:\/\/slovencina.org\/#\/schema\/logo\/image\/"},"sameAs":["https:\/\/www.facebook.com\/slovencinasani","https:\/\/x.com\/slovencinasani","https:\/\/www.tiktok.com\/slovencinasani","https:\/\/www.instagram.com\/slovencinasani"]},{"@type":"Person","@id":"https:\/\/slovencina.org\/#\/schema\/person\/d0d0e64f661853a4be4c180b2b54e3b6","name":"admin","image":{"@type":"ImageObject","inLanguage":"ru-RU","@id":"https:\/\/secure.gravatar.com\/avatar\/f113b9116a149cbc32eb73cd00397194222ae31f71d6b331327c11d5e76365bb?s=96&d=mm&r=g","url":"https:\/\/secure.gravatar.com\/avatar\/f113b9116a149cbc32eb73cd00397194222ae31f71d6b331327c11d5e76365bb?s=96&d=mm&r=g","contentUrl":"https:\/\/secure.gravatar.com\/avatar\/f113b9116a149cbc32eb73cd00397194222ae31f71d6b331327c11d5e76365bb?s=96&d=mm&r=g","caption":"admin"},"sameAs":["http:\/\/slovencina.org"],"url":"https:\/\/slovencina.org\/ru\/author\/admin\/"}]}},"rttpg_featured_image_url":{"full":["https:\/\/slovencina.org\/wp-content\/uploads\/2022\/08\/Sni\u0301mka-obrazovky-2022-08-22-o-18.12.42.png",402,394,false],"landscape":["https:\/\/slovencina.org\/wp-content\/uploads\/2022\/08\/Sni\u0301mka-obrazovky-2022-08-22-o-18.12.42.png",402,394,false],"portraits":["https:\/\/slovencina.org\/wp-content\/uploads\/2022\/08\/Sni\u0301mka-obrazovky-2022-08-22-o-18.12.42.png",402,394,false],"thumbnail":["https:\/\/slovencina.org\/wp-content\/uploads\/2022\/08\/Sni\u0301mka-obrazovky-2022-08-22-o-18.12.42-150x150.png",150,150,true],"medium":["https:\/\/slovencina.org\/wp-content\/uploads\/2022\/08\/Sni\u0301mka-obrazovky-2022-08-22-o-18.12.42-300x294.png",300,294,true],"large":["https:\/\/slovencina.org\/wp-content\/uploads\/2022\/08\/Sni\u0301mka-obrazovky-2022-08-22-o-18.12.42.png",402,394,false],"1536x1536":["https:\/\/slovencina.org\/wp-content\/uploads\/2022\/08\/Sni\u0301mka-obrazovky-2022-08-22-o-18.12.42.png",402,394,false],"2048x2048":["https:\/\/slovencina.org\/wp-content\/uploads\/2022\/08\/Sni\u0301mka-obrazovky-2022-08-22-o-18.12.42.png",402,394,false],"trp-custom-language-flag":["https:\/\/slovencina.org\/wp-content\/uploads\/2022\/08\/Sni\u0301mka-obrazovky-2022-08-22-o-18.12.42-12x12.png",12,12,true]},"rttpg_author":{"display_name":"admin","author_link":"https:\/\/slovencina.org\/ru\/author\/admin\/"},"rttpg_comment":0,"rttpg_category":"<a href=\"https:\/\/slovencina.org\/ru\/category\/blog\/\" rel=\"category tag\">blog<\/a>","rttpg_excerpt":"Ako spr\u00e1vne poveda\u0165, \u017ee vystupujete\u2026 @slovencinasani #slovencina #slovencinasani #slovensko #\u0441\u043b\u043e\u0432\u0430\u043a\u0438\u044f #\u0441\u043b\u043e\u0432\u0430\u0447\u0447\u0438\u043d\u0430\ud83c\uddf8\ud83c\uddf0\ud83c\uddfa\ud83c\udde6 #\u0441\u043b\u043e\u0432\u0430\u0446\u043a\u0438\u0439\u044f\u0437\u044b\u043a \u266c Dj Tiktok Terbaru 2022 &#8211; Yandi Biansyah","_links":{"self":[{"href":"https:\/\/slovencina.org\/ru\/wp-json\/wp\/v2\/posts\/668","targetHints":{"allow":["GET"]}}],"collection":[{"href":"https:\/\/slovencina.org\/ru\/wp-json\/wp\/v2\/posts"}],"about":[{"href":"https:\/\/slovencina.org\/ru\/wp-json\/wp\/v2\/types\/post"}],"author":[{"embeddable":true,"href":"https:\/\/slovencina.org\/ru\/wp-json\/wp\/v2\/users\/1"}],"replies":[{"embeddable":true,"href":"https:\/\/slovencina.org\/ru\/wp-json\/wp\/v2\/comments?post=668"}],"version-history":[{"count":18,"href":"https:\/\/slovencina.org\/ru\/wp-json\/wp\/v2\/posts\/668\/revisions"}],"predecessor-version":[{"id":1049,"href":"https:\/\/slovencina.org\/ru\/wp-json\/wp\/v2\/posts\/668\/revisions\/1049"}],"wp:featuredmedia":[{"embeddable":true,"href":"https:\/\/slovencina.org\/ru\/wp-json\/wp\/v2\/media\/669"}],"wp:attachment":[{"href":"https:\/\/slovencina.org\/ru\/wp-json\/wp\/v2\/media?parent=668"}],"wp:term":[{"taxonomy":"category","embeddable":true,"href":"https:\/\/slovencina.org\/ru\/wp-json\/wp\/v2\/categories?post=668"},{"taxonomy":"post_tag","embeddable":true,"href":"https:\/\/slovencina.org\/ru\/wp-json\/wp\/v2\/tags?post=668"}],"curies":[{"name":"wp","href":"https:\/\/api.w.org\/{rel}","templated":true}]}}